[{"@context":"https:\/\/schema.org\/","@type":"Article","@id":"https:\/\/www.masko.sk\/kam-ulozit-sezonne-oblecenie-skuste-tieto-moznosti\/#Article","mainEntityOfPage":"https:\/\/www.masko.sk\/kam-ulozit-sezonne-oblecenie-skuste-tieto-moznosti\/","headline":"Kam ulo\u017ei\u0165 sez\u00f3nne oble\u010denie? Sk\u00faste tieto mo\u017enosti","name":"Kam ulo\u017ei\u0165 sez\u00f3nne oble\u010denie? Sk\u00faste tieto mo\u017enosti","description":"S trieden\u00edm oble\u010denia ne\u010dakajte do poslednej chv\u00edle, zmen\u00ed sa po\u010dasie, treba vymeni\u0165 aj \u0161atn\u00edk. Spr\u00e1vne skladovanie oble\u010denia zaru\u010d\u00ed aj dlh\u00fa \u017eivotnos\u0165 odevov. Najprv vypra\u0165, potom odlo\u017ei\u0165 Veci, pripraven\u00e9 na uskladnenie, si najprv prezrite, \u010di nie s\u00fa \u0161pinav\u00e9 alebo prepoten\u00e9. Ak ich odlo\u017e\u00edte \u0161pinav\u00e9, je mo\u017en\u00e9, \u017ee na jar ich u\u017e nebudete vedie\u0165 vy\u010disti\u0165 a bud\u00fa &hellip; ","datePublished":"2018-09-11","dateModified":"2023-04-28","author":{"@type":"Person","@id":"https:\/\/www.masko.sk\/author\/#Person","name":"","url":"https:\/\/www.masko.sk\/author\/","identifier":1,"image":{"@type":"ImageObject","@id":"https:\/\/secure.gravatar.com\/avatar\/eaa8d03c255e1a749937a03afe319562d500ac9ddac78a88a8e436c8d21c5e47?s=96&d=mm&r=g","url":"https:\/\/secure.gravatar.com\/avatar\/eaa8d03c255e1a749937a03afe319562d500ac9ddac78a88a8e436c8d21c5e47?s=96&d=mm&r=g","height":96,"width":96}},"publisher":{"@type":"Organization","name":"masko.sk","logo":{"@type":"ImageObject","@id":"\/logo.png","url":"\/logo.png","width":600,"height":60}},"image":{"@type":"ImageObject","@id":"https:\/\/www.masko.sk\/wp-content\/uploads\/img_a293181_w2010_t1541956417.jpg","url":"https:\/\/www.masko.sk\/wp-content\/uploads\/img_a293181_w2010_t1541956417.jpg","height":0,"width":0},"url":"https:\/\/www.masko.sk\/kam-ulozit-sezonne-oblecenie-skuste-tieto-moznosti\/","wordCount":403,"articleBody":"S trieden\u00edm oble\u010denia ne\u010dakajte do poslednej chv\u00edle, zmen\u00ed sa po\u010dasie, treba vymeni\u0165 aj \u0161atn\u00edk. Spr\u00e1vne skladovanie oble\u010denia zaru\u010d\u00ed aj dlh\u00fa \u017eivotnos\u0165 odevov.Najprv vypra\u0165, potom odlo\u017ei\u0165 Veci, pripraven\u00e9 na uskladnenie, si najprv prezrite, \u010di nie s\u00fa \u0161pinav\u00e9 alebo prepoten\u00e9. Ak ich odlo\u017e\u00edte \u0161pinav\u00e9, je mo\u017en\u00e9, \u017ee na jar ich u\u017e nebudete vedie\u0165 vy\u010disti\u0165 a bud\u00fa vhodn\u00e9 akur\u00e1t tak na vyhodenie. Do \u010distej bielizne sa ani hmyz nenas\u0165ahuje tak \u013eahko ako do \u0161pinavej. Top\u00e1nky takisto potrebuj\u00fa o\u0161etrenie, treba ich vy\u010disti\u0165 a nastrieka\u0165 dezinfek\u010dn\u00fdm prostriedkom. Na uskladnenie top\u00e1nok s\u00fa najvhodnej\u0161ie l\u00e1tkov\u00e9 vreck\u00e1, zvykn\u00fa by\u0165 prilo\u017een\u00e9 k top\u00e1nkam pri ich k\u00fape. Na pohlcovanie vlhkosti je vhodn\u00e9 do zimn\u00fdch top\u00e1nok vlo\u017ei\u0165 novinov\u00fd papier, zabr\u00e1nia aj tvorbe plesn\u00ed.Vhodn\u00e9 s\u00fa debni\u010dky \u010di \u0161katule Na do\u010dasn\u00e9 uskladnenie s\u00fa ve\u013emi vhodn\u00e9 kart\u00f3nov\u00e9 \u0161katule s vrchn\u00e1kmi, ktor\u00e9 s\u00fa priedu\u0161n\u00e9, ale nie a\u017e pr\u00edli\u0161, aby sa do nich \u013eahko nedostal hmyz. Pou\u017eite v\u017edy len \u010dist\u00e9 debni\u010dky \u010di \u0161katule, a tie\u017e je dobr\u00e9 do ka\u017edej vlo\u017ei\u0165 vrec\u00fa\u0161ko s levandu\u013eou. Ka\u017ed\u00fa z nich si ozna\u010dte, aby ste pri r\u00fdchlej potrebe vedeli, kde \u010do m\u00e1te h\u013eada\u0165.Star\u00fd kufor nevyhadzujte Kufor, ktor\u00fd ste sa chystali vyhodi\u0165, sta\u010d\u00ed len vy\u010disti\u0165 a poskladan\u00e9 \u0161atstvo do\u0148ho ulo\u017ei\u0165. U\u017e nebude nadarmo zabera\u0165 miesto pod poste\u013eou. Nie ka\u017ed\u00e9 oble\u010denie je vhodn\u00e9 sklada\u0165 do \u0161kat\u00fa\u013e, niektor\u00e9 potrebuje zosta\u0165 zavesen\u00e9. Na zavesenie odpor\u00fa\u010dame dreven\u00e9 ramienka, nie kovov\u00e9, aby \u0161atstvo nebolo za\u0161pinen\u00e9 od pr\u00edpadn\u00fdch \u0161kv\u0155n alebo hrdze.Plastov\u00e9 obaly neve\u0161ajte Vaky z plastu ned\u00fdchaj\u00fa a \u0161aty v nich \u013eahko zatuchn\u00fa. D\u00f4le\u017eit\u00fd je aj sklad pre oble\u010denie, mal by by\u0165 \u010dist\u00fd, such\u00fd, tmav\u00fd a chladn\u00fd, a \u0161atstvo tam nebude vystaven\u00e9 teplu, hlavne bl\u00edzkosti nejak\u00e9ho zdroja tepla. Tma a chlad udr\u017eia va\u0161e farby svie\u017ee a tak skoro nevybledn\u00fa.Pravideln\u00e1 kontrola Oble\u010denie kontrolujte priebe\u017ene, aby ste zistili, \u010di sa v nich neudom\u00e1cnil hmyz alebo nezatuchlo alebo \u010di sa na nich neobjavila plese\u0148. Ak si ich u\u017e budete chcie\u0165 obliec\u0165, tento probl\u00e9m rie\u0161i\u0165 bude neskoro. A tie\u017e je dobr\u00e9 \u0161atstvo, ktor\u00e9 dlh\u0161ie nenos\u00edte, vytriedi\u0165 a uvo\u013eni\u0165 miesto pre nov\u00e9.                                                                                                                                                                                                                                                                                                                                                                                        4.2\/5 - (11 votes)        "},{"@context":"https:\/\/schema.org\/","@type":"BreadcrumbList","itemListElement":[{"@type":"ListItem","position":1,"name":"Kam ulo\u017ei\u0165 sez\u00f3nne oble\u010denie? Sk\u00faste tieto mo\u017enosti","item":"https:\/\/www.masko.sk\/kam-ulozit-sezonne-oblecenie-skuste-tieto-moznosti\/#breadcrumbitem"}]}]