[{"@context":"https:\/\/schema.org\/","@type":"Article","@id":"https:\/\/www.masko.sk\/kedy-pridu-deti\/#Article","mainEntityOfPage":"https:\/\/www.masko.sk\/kedy-pridu-deti\/","headline":"Kedy pr\u00eddu deti ?","name":"Kedy pr\u00eddu deti ?","description":"Dnes m\u00e1me in\u00fd sp\u00f4sob \u017eivota ako vo\u013eakedy. Man\u017eelstv\u00e1 sa uzatv\u00e1raj\u00fa v\u00a0podstatne neskor\u0161om veku ako\u00a0\u00a0 pred 20 rokmi. Alebo sa neuzatv\u00e1raj\u00fa v\u00f4bec . \u017dijeme iba tak- papier predsa ku vz\u0165ahu nepotrebujeme ! Nie je to z\u00e1ru\u010dn\u00fd list s\u00a0mo\u017enos\u0165ou opravy, alebo bezplatnej v\u00fdmeny tovaru pri zisten\u00fdch skryt\u00fdch chyb\u00e1ch \u00c1no, aj tak\u00fdto poh\u013ead na \u017eivot dnes b\u00fdva veru &hellip; ","datePublished":"2019-11-13","dateModified":"2023-04-28","author":{"@type":"Person","@id":"https:\/\/www.masko.sk\/author\/#Person","name":"","url":"https:\/\/www.masko.sk\/author\/","identifier":1,"image":{"@type":"ImageObject","@id":"https:\/\/secure.gravatar.com\/avatar\/eaa8d03c255e1a749937a03afe319562d500ac9ddac78a88a8e436c8d21c5e47?s=96&d=mm&r=g","url":"https:\/\/secure.gravatar.com\/avatar\/eaa8d03c255e1a749937a03afe319562d500ac9ddac78a88a8e436c8d21c5e47?s=96&d=mm&r=g","height":96,"width":96}},"publisher":{"@type":"Organization","name":"masko.sk","logo":{"@type":"ImageObject","@id":"\/logo.png","url":"\/logo.png","width":600,"height":60}},"image":{"@type":"ImageObject","@id":"https:\/\/www.masko.sk\/wp-content\/uploads\/img_a305752_w16719_t1567176877.jpg","url":"https:\/\/www.masko.sk\/wp-content\/uploads\/img_a305752_w16719_t1567176877.jpg","height":0,"width":0},"url":"https:\/\/www.masko.sk\/kedy-pridu-deti\/","about":["Deti"],"wordCount":389,"articleBody":"Dnes m\u00e1me in\u00fd sp\u00f4sob \u017eivota ako vo\u013eakedy. Man\u017eelstv\u00e1 sa uzatv\u00e1raj\u00fa v\u00a0podstatne neskor\u0161om veku ako\u00a0\u00a0 pred 20 rokmi. Alebo sa neuzatv\u00e1raj\u00fa v\u00f4bec . \u017dijeme iba tak- papier predsa ku vz\u0165ahu nepotrebujeme !\t\tNie je to z\u00e1ru\u010dn\u00fd list s\u00a0mo\u017enos\u0165ou opravy, alebo bezplatnej v\u00fdmeny tovaru pri zisten\u00fdch skryt\u00fdch chyb\u00e1ch\u00c1no, aj tak\u00fdto poh\u013ead na \u017eivot dnes b\u00fdva veru \u010dast\u00fdm .Mnoho s\u00fa\u010dasn\u00fdch mlad\u00fdch \u013eud\u00ed ale do man\u017eelsk\u00e9ho zv\u00e4zku vstupuje. Uvedomuj\u00fac si plne z\u00e1va\u017enos\u0165 svojho rozhodnutia . Patr\u00edm \u00a0ur\u010dite k\u00a0n\u00edm !Domnievam sa, \u017ee pr\u00e1ve vz\u0165ah man\u017eelstva by mal by\u0165 pred my\u0161lienkou zalo\u017ei\u0165 si rodinu . Ak\u00e9 starom\u00f3dne-\u00a0 mnoh\u00ed si povedia.\t\tPre m\u0148a ale modernos\u0165 v\u00a0tomto smere nie je na mieste!\u00a0Vydala som sa zodpovedne s\u00a0my\u0161lienkou zalo\u017ei\u0165 si s\u00a0man\u017eelom rodinu. \u010clovek mieni, ale&#8230;Nie v\u017edy veru ide v\u0161etko tak ako si predstavujeme. Nedar\u00ed sa n\u00e1m ma\u0165 die\u0165atko !\u00a0Ver\u00edme, \u017ee raz to pr\u00edde. \u010co n\u00e1s ale oboch nesmierne unavuje je to, \u017ee zo v\u0161etk\u00fdch str\u00e1n v\u00a0rodine po\u010d\u00favame t\u00fa ist\u00fa ot\u00e1zku : \u201e A \u010do deti ? Kedy pl\u00e1nujete ma\u0165 ?\u201cOt\u00e1zka nanajv\u00fd\u0161 int\u00edmna a\u00a0nevhodn\u00e1 do \u00fast absol\u00fatne nikoho ! Je to na\u0161a osobn\u00e1 vec !Ak je drz\u00e9 a\u00a0nevhodn\u00e9 sa p\u00fdta\u0165 na mno\u017estvo pe\u0148az\u00ed na bankovom \u00fa\u010dte, \u010di na ot\u00e1zku pr\u00edslu\u0161nosti k\u00a0tej ktorej viere, tak potom p\u00fdta\u0165 sa niekoho na deti je absol\u00fatnym vrcholom drzosti !\u00a0Rob\u00ed to \u013eu\u010fom psychick\u00fa traumu a\u00a0\u017eia\u013e necitliv\u00e9 okolie si to v\u00f4bec neuvedomuje .\u00a0Je to e\u0161te nevhodnej\u0161ie ako sa p\u00fdta\u0165 mlad\u00fdch \u013eud\u00ed, \u017ee kedy kone\u010dne sa zober\u00fa !Je to ako poh\u013ead cez k\u013e\u00fa\u010dov\u00fa dierku niekam, kde sa nepatr\u00ed pozera\u0165- do h\u013abky \u013eudskej du\u0161e, do int\u00edmneho \u017eivota \u013eud\u00ed .\u00a0\t\tUvedomte si pros\u00edm pr\u00edbuzn\u00ed, priatelia, kolegovia- toto sa veru nepatr\u00ed a\u00a0je to nanajv\u00fd\u0161 nevhodn\u00e9 a\u00a0drz\u00e9 !Majte na zreteli, \u017ee tieto Va\u0161e v\u0161ete\u010dn\u00e9 ot\u00e1zky m\u00f4\u017eu niekoho zabolie\u0165 a\u00a0to celkom isto nechcete !Porozm\u00fd\u0161\u013eajte pros\u00edm sk\u00f4r ako polo\u017e\u00edte nevhodn\u00fa ot\u00e1zku .                                                                                                                                                                                                                                                                                                                                                                                        4.2\/5 - (9 votes)        "},{"@context":"https:\/\/schema.org\/","@type":"BreadcrumbList","itemListElement":[{"@type":"ListItem","position":1,"name":"Kedy pr\u00eddu deti ?","item":"https:\/\/www.masko.sk\/kedy-pridu-deti\/#breadcrumbitem"}]}]