[{"@context":"https:\/\/schema.org\/","@type":"Article","@id":"https:\/\/www.masko.sk\/pracka-so-susickou-alebo-bez\/#Article","mainEntityOfPage":"https:\/\/www.masko.sk\/pracka-so-susickou-alebo-bez\/","headline":"Pr\u00e1\u010dka so su\u0161i\u010dkou alebo bez?","name":"Pr\u00e1\u010dka so su\u0161i\u010dkou alebo bez?","description":"K\u00fapu pr\u00e1\u010dky by ste preto mali ve\u013emi dobre zv\u00e1\u017ei\u0165. Je d\u00f4le\u017eitou s\u00fa\u010das\u0165ou v\u00e1\u0161ho obydlia, teda u\u017e konkr\u00e9tne k\u00fape\u013ene alebo pr\u00e1\u010dovne. Vraj sa oplat\u00ed ma\u0165 vlastn\u00fa miestnos\u0165 na pranie bielizne, ale nie je to samozrejmos\u0165ou. Iba sa to odpor\u00fa\u010da. Nemus\u00ed to by\u0165 pravidlom, ale u\u017e som tak\u00fd dom videla, kde to mali ako samostatn\u00fa miestnos\u0165. Nov\u00fd. &hellip; ","datePublished":"2019-12-21","dateModified":"2023-04-28","author":{"@type":"Person","@id":"https:\/\/www.masko.sk\/author\/#Person","name":"","url":"https:\/\/www.masko.sk\/author\/","identifier":1,"image":{"@type":"ImageObject","@id":"https:\/\/secure.gravatar.com\/avatar\/eaa8d03c255e1a749937a03afe319562d500ac9ddac78a88a8e436c8d21c5e47?s=96&d=mm&r=g","url":"https:\/\/secure.gravatar.com\/avatar\/eaa8d03c255e1a749937a03afe319562d500ac9ddac78a88a8e436c8d21c5e47?s=96&d=mm&r=g","height":96,"width":96}},"publisher":{"@type":"Organization","name":"masko.sk","logo":{"@type":"ImageObject","@id":"\/logo.png","url":"\/logo.png","width":600,"height":60}},"image":{"@type":"ImageObject","@id":"https:\/\/www.masko.sk\/wp-content\/uploads\/img_a309077_w16829_t1577629179.jpg","url":"https:\/\/www.masko.sk\/wp-content\/uploads\/img_a309077_w16829_t1577629179.jpg","height":0,"width":0},"url":"https:\/\/www.masko.sk\/pracka-so-susickou-alebo-bez\/","about":["Tovar"],"wordCount":424,"articleBody":"K\u00fapu pr\u00e1\u010dky by ste preto mali ve\u013emi dobre zv\u00e1\u017ei\u0165. Je d\u00f4le\u017eitou s\u00fa\u010das\u0165ou v\u00e1\u0161ho obydlia, teda u\u017e konkr\u00e9tne k\u00fape\u013ene alebo pr\u00e1\u010dovne. Vraj sa oplat\u00ed ma\u0165 vlastn\u00fa miestnos\u0165 na pranie bielizne, ale nie je to samozrejmos\u0165ou. Iba sa to odpor\u00fa\u010da. Nemus\u00ed to by\u0165 pravidlom, ale u\u017e som tak\u00fd dom videla, kde to mali ako samostatn\u00fa miestnos\u0165. Nov\u00fd. V star\u0161\u00edch domoch sa to zvyklo robi\u0165 a takisto tam bola aj in\u00e1 nejak\u00e1 technick\u00e1 miestnos\u0165 a podobn\u00e9 z\u00e1le\u017eitosti. Dnes sa \u0161etr\u00ed miesto, ale robia sa aj tak\u00e9to miestnosti. Videla som to na vlastn\u00e9 o\u010di.\u00a0\t\tPr\u00e1\u010dka so su\u0161i\u010dkouPr\u00e1\u010dka so su\u0161i\u010dkou je teda v\u00fdborn\u00fdm rie\u0161en\u00edm, ktor\u00e9 sa vyplat\u00ed. Jednozna\u010dne v\u00e1m u\u0161etr\u00ed miesto v k\u00fape\u013eni alebo teda pr\u00e1\u010dovni, \u010di kde ju presne budete chcie\u0165 ma\u0165. M\u00e1te spotrebi\u010d, ktor\u00fd sp\u013a\u0148a dve funkcie, \u010do je ve\u013emi cenovo v\u00fdhodn\u00e9. Preto\u017ee dva r\u00f4zne spotrebi\u010de s odli\u0161n\u00fdmi funkciami by v\u00e1s vy\u0161li drah\u0161ie. No, je mo\u017en\u00e9, \u017ee by boli aj kvalitnej\u0161ie, preto\u017ee ke\u010f je nie\u010do dva v jednom u\u017e sa uber\u00e1 na kvalite, len aby to malo dve funkcie.\u00a0\t\tPr\u00e1\u010dka bez su\u0161i\u010dkyOdborn\u00edci odpor\u00fa\u010daj\u00fa dva r\u00f4zne spotrebi\u010de, preto\u017ee v pr\u00edpade, \u017ee vyperiete nieko\u013eko k\u00edl oble\u010denia, tak u\u017e sa v\u00e1m to\u013eko ve\u013ea k\u00edl nemus\u00ed podari\u0165 usu\u0161i\u0165. Je to tak p\u00edsan\u00e9 aj v n\u00e1vode, \u010di\u017ee by v\u00e1m dan\u00e1 pr\u00e1\u010dka mala sl\u00fa\u017ei\u0165 len ako tak\u00e9 doplnkov\u00e9 su\u0161enie bielizne a nie pravideln\u00e9 a ka\u017edodenn\u00e9 su\u0161enie. Len tak\u00e9 pr\u00edle\u017eitostn\u00e9.Pr\u00edpadne si potom su\u0161i\u010dku pokojne m\u00f4\u017eete dok\u00fapi\u0165 a postavi\u0165 na pr\u00e1\u010dku napr\u00edklad. U\u017e existuj\u00fa aj tak\u00e9 spotrebi\u010de, ktor\u00e9 m\u00f4\u017eete pouklada\u0165 na seba. S\u00fa stavan\u00e9 na tak\u00e9 pr\u00edpady, \u017ee nem\u00e1te v k\u00fape\u013eni ve\u013ea priestoru.\u00a0Rozhodnutie je len na v\u00e1s a z\u00e1le\u017e\u00ed na va\u0161ich n\u00e1zoroch a sk\u00fasenostiach a tom, \u010do by ste vlastne chceli od svojej pr\u00e1\u010dky alebo su\u0161i\u010dky. Ka\u017ed\u00e1 dom\u00e1cnos\u0165 m\u00e1 svoje zvyky a preferuje nie\u010do \u00faplne in\u00e9, preto si dobre zv\u00e1\u017ete ka\u017ed\u00fa korunu, ktor\u00fa do nej vraz\u00edte. Aby v\u00e1m \u017eivot u\u013eah\u010dila a nie v\u00e1m ho s\u0165a\u017eovala.                                                                                                                                                                                                                                                                                                                                                                                        4.3\/5 - (7 votes)        "},{"@context":"https:\/\/schema.org\/","@type":"BreadcrumbList","itemListElement":[{"@type":"ListItem","position":1,"name":"Pr\u00e1\u010dka so su\u0161i\u010dkou alebo bez?","item":"https:\/\/www.masko.sk\/pracka-so-susickou-alebo-bez\/#breadcrumbitem"}]}]